{"id":334,"date":"2015-10-14T19:33:30","date_gmt":"2015-10-14T17:33:30","guid":{"rendered":"http:\/\/yfolk.fr\/web\/?p=334"},"modified":"2015-10-14T19:38:00","modified_gmt":"2015-10-14T17:38:00","slug":"bal-trad-leffet-dulogis-7112015","status":"publish","type":"post","link":"http:\/\/yfolk.fr\/web\/2015\/bal-trad-leffet-dulogis-7112015\/","title":{"rendered":"Bal trad l&rsquo;Effet Dulogis &#8211; 7\/11\/2015"},"content":{"rendered":"<div id=\"attachment_335\" style=\"width: 222px\" class=\"wp-caption alignleft\"><a href=\"http:\/\/yfolk.fr\/web\/wp-content\/uploads\/2015\/10\/flyer-bal-l-effet-dulogis-2015.jpg\"><img aria-describedby=\"caption-attachment-335\" loading=\"lazy\" class=\"wp-image-335 size-medium\" src=\"http:\/\/yfolk.fr\/web\/wp-content\/uploads\/2015\/10\/flyer-bal-l-effet-dulogis-2015-212x300.jpg\" alt=\"Flyer du bal trad l'Effet Dulogis\" width=\"212\" height=\"300\" srcset=\"http:\/\/yfolk.fr\/web\/wp-content\/uploads\/2015\/10\/flyer-bal-l-effet-dulogis-2015-212x300.jpg 212w, http:\/\/yfolk.fr\/web\/wp-content\/uploads\/2015\/10\/flyer-bal-l-effet-dulogis-2015-724x1024.jpg 724w\" sizes=\"(max-width: 212px) 100vw, 212px\" \/><\/a><p id=\"caption-attachment-335\" class=\"wp-caption-text\">Flyer du bal trad l&rsquo;Effet Dulogis avec Fran\u00e7ois Breugnot et Beno\u00eet Guerbigny \u00e0 diffuser et \u00e0 placarder sans mod\u00e9ration !<\/p><\/div>\n<p>Le samedi 7 novembre 2015, l&rsquo;<a href=\"http:\/\/folkatp.fr\">ATP<\/a> organise un <a href=\"http:\/\/folkatp.fr\/event\/2015-2016\/bal-guerbigny\/\">bal trad l&rsquo;Effet Dulogis<\/a> avec Fran\u00e7ois Breugnot et Beno\u00eet Guerbigny. Plut\u00f4t que de faire comme \u00e0 mon habitude un gros baratin incompr\u00e9hensible, je pr\u00e9f\u00e8re les citer. C&rsquo;est rare deux musiciens qui parlent aussi bien d&rsquo;eux-m\u00eames !<\/p>\n<p><em>\u00c7a ne pouvait pas durer&#8230;le calme dans l&rsquo;immeuble je veux dire&#8230;quand ces deux quadrag\u00e9naires colocataires se sont install\u00e9s en haut, tout ce qu&rsquo;on connaissait de danseurs de bourr\u00e9es, d&rsquo;avant-deux et d&rsquo;affranchis de la danse s&rsquo;est mis \u00e0 d\u00e9filer dans la cage d&rsquo;escalier la nuit, le jour et m\u00eame le dimanche&#8230;<\/em><\/p>\n<p><em>Comme deux citoyens de la musique partageant depuis leur enfance le go\u00fbt des autres quand ils dansent&#8230;arm\u00e9s d&rsquo;un violon et d&rsquo;un accord\u00e9on, tranquillement appuy\u00e9s sur leurs cultures respective (Le Poitou, l&rsquo;Auvergne) et sur leurs penchants communs pour une musique de caract\u00e8re compos\u00e9e ou apprise des anciens, les voil\u00e0 qui se retrouvent comme ils s&rsquo;\u00e9taient quitt\u00e9s. Des vrais gamins&#8230; qui vivent dans le partage de la musique et la spontan\u00e9it\u00e9 conf\u00e9r\u00e9e par les danseurs qui mouillent la chemise sur le parquet.<\/em><\/p>\n<p><em>Sp\u00e9cialistes ou pas des bourr\u00e9es, des avant-deux, des scottishs et autres danses pour frapper (le sol) ou parler (avec les mains), si l&rsquo;envie de glisser son corps dans le son \u00ab pur acoustique \u00bb de leurs binious vous prend, la fi\u00e8vre peut monter&#8230;<\/em><\/p>\n<ul>\n<li>A partir de <strong>20H30<\/strong>. PAF : 10 \u20ac &#8211; Salle <a href=\"http:\/\/folkatp.fr\/salle\/texier\/\">Texier<\/a> \/ SMH \/ Grenoble &#8211; Alpes M\u00e9tropole<\/li>\n<\/ul>\n","protected":false},"excerpt":{"rendered":"<p>Le samedi 7 novembre 2015, l&rsquo;ATP organise un bal trad l&rsquo;Effet Dulogis avec Fran\u00e7ois Breugnot et Beno\u00eet Guerbigny. Plut\u00f4t que de faire comme \u00e0 mon habitude un gros baratin incompr\u00e9hensible, je pr\u00e9f\u00e8re les citer. C&rsquo;est rare deux musiciens qui parlent aussi bien d&rsquo;eux-m\u00eames ! \u00c7a ne pouvait pas durer&#8230;le calme dans l&rsquo;immeuble je veux dire&#8230;quand [&hellip;]<\/p>\n","protected":false},"author":2,"featured_media":0,"comment_status":"open","ping_status":"open","sticky":false,"template":"","format":"standard","meta":[],"categories":[2],"tags":[],"_links":{"self":[{"href":"http:\/\/yfolk.fr\/web\/wp-json\/wp\/v2\/posts\/334"}],"collection":[{"href":"http:\/\/yfolk.fr\/web\/wp-json\/wp\/v2\/posts"}],"about":[{"href":"http:\/\/yfolk.fr\/web\/wp-json\/wp\/v2\/types\/post"}],"author":[{"embeddable":true,"href":"http:\/\/yfolk.fr\/web\/wp-json\/wp\/v2\/users\/2"}],"replies":[{"embeddable":true,"href":"http:\/\/yfolk.fr\/web\/wp-json\/wp\/v2\/comments?post=334"}],"version-history":[{"count":6,"href":"http:\/\/yfolk.fr\/web\/wp-json\/wp\/v2\/posts\/334\/revisions"}],"predecessor-version":[{"id":340,"href":"http:\/\/yfolk.fr\/web\/wp-json\/wp\/v2\/posts\/334\/revisions\/340"}],"wp:attachment":[{"href":"http:\/\/yfolk.fr\/web\/wp-json\/wp\/v2\/media?parent=334"}],"wp:term":[{"taxonomy":"category","embeddable":true,"href":"http:\/\/yfolk.fr\/web\/wp-json\/wp\/v2\/categories?post=334"},{"taxonomy":"post_tag","embeddable":true,"href":"http:\/\/yfolk.fr\/web\/wp-json\/wp\/v2\/tags?post=334"}],"curies":[{"name":"wp","href":"https:\/\/api.w.org\/{rel}","templated":true}]}}