{"id":328,"date":"2015-08-25T21:02:20","date_gmt":"2015-08-25T19:02:20","guid":{"rendered":"http:\/\/yfolk.fr\/web\/?p=328"},"modified":"2016-10-03T22:41:47","modified_gmt":"2016-10-03T20:41:47","slug":"stage-fin-du-cycle-de-formation-musicale-avec-rigodons-et-traditions","status":"publish","type":"post","link":"http:\/\/yfolk.fr\/web\/2015\/stage-fin-du-cycle-de-formation-musicale-avec-rigodons-et-traditions\/","title":{"rendered":"Stage &#8211; fin du cycle de formation musicale avec Rigodons et Traditions"},"content":{"rendered":"<div>Apr\u00e8s plusieurs mois de r\u00e9p\u00e9titions avec les musiciens volontaires,<\/div>\n<div><a href=\"http:\/\/rigodonsettraditions.free.fr\/\">Rigodons et Traditions<\/a> vous proposent de nous retrouver pour danser les Musiques du Dauphin\u00e9 !<\/div>\n<div>Ce sera la premi\u00e8re occasion pour les musiciens de se produire, et pour Rigodons et Traditions d&rsquo;organiser un stage sp\u00e9cial de danse.<\/div>\n<div>Date \u00e0 retenir : samedi 28 novembre 2015<\/div>\n<div>Plus d&rsquo;informations en cliquant sur les liens, ou en contactant Rigodons et Traditions.<\/div>\n<div><a href=\"http:\/\/yfolk.fr\/web\/wp-content\/uploads\/2014\/11\/dauphin\u00e9-verso.pdf\">dauphin\u00e9 &#8211; verso<\/a> <a href=\"http:\/\/yfolk.fr\/web\/wp-content\/uploads\/2014\/11\/Dauphin\u00e9-recto-3.pdf\">Dauphin\u00e9 &#8211; recto 3<\/a><\/div>\n<div><a href=\"http:\/\/yfolk.fr\/web\/wp-content\/uploads\/2014\/11\/dauphin\u00e9-verso.pdf\">dauphin\u00e9 &#8211; verso<\/a><\/div>\n<div><\/div>\n","protected":false},"excerpt":{"rendered":"<p>Apr\u00e8s plusieurs mois de r\u00e9p\u00e9titions avec les musiciens volontaires, Rigodons et Traditions vous proposent de nous retrouver pour danser les Musiques du Dauphin\u00e9 ! Ce sera la premi\u00e8re occasion pour les musiciens de se produire, et pour Rigodons et Traditions d&rsquo;organiser un stage sp\u00e9cial de danse. Date \u00e0 retenir : samedi 28 novembre 2015 Plus [&hellip;]<\/p>\n","protected":false},"author":6,"featured_media":0,"comment_status":"open","ping_status":"open","sticky":false,"template":"","format":"standard","meta":[],"categories":[2],"tags":[],"_links":{"self":[{"href":"http:\/\/yfolk.fr\/web\/wp-json\/wp\/v2\/posts\/328"}],"collection":[{"href":"http:\/\/yfolk.fr\/web\/wp-json\/wp\/v2\/posts"}],"about":[{"href":"http:\/\/yfolk.fr\/web\/wp-json\/wp\/v2\/types\/post"}],"author":[{"embeddable":true,"href":"http:\/\/yfolk.fr\/web\/wp-json\/wp\/v2\/users\/6"}],"replies":[{"embeddable":true,"href":"http:\/\/yfolk.fr\/web\/wp-json\/wp\/v2\/comments?post=328"}],"version-history":[{"count":2,"href":"http:\/\/yfolk.fr\/web\/wp-json\/wp\/v2\/posts\/328\/revisions"}],"predecessor-version":[{"id":360,"href":"http:\/\/yfolk.fr\/web\/wp-json\/wp\/v2\/posts\/328\/revisions\/360"}],"wp:attachment":[{"href":"http:\/\/yfolk.fr\/web\/wp-json\/wp\/v2\/media?parent=328"}],"wp:term":[{"taxonomy":"category","embeddable":true,"href":"http:\/\/yfolk.fr\/web\/wp-json\/wp\/v2\/categories?post=328"},{"taxonomy":"post_tag","embeddable":true,"href":"http:\/\/yfolk.fr\/web\/wp-json\/wp\/v2\/tags?post=328"}],"curies":[{"name":"wp","href":"https:\/\/api.w.org\/{rel}","templated":true}]}}