{"id":292,"date":"2015-03-07T20:01:27","date_gmt":"2015-03-07T19:01:27","guid":{"rendered":"http:\/\/yfolk.fr\/web\/?p=292"},"modified":"2015-03-08T22:03:29","modified_gmt":"2015-03-08T21:03:29","slug":"stage-daccordeon-diatonique-avec-yann-dour","status":"publish","type":"post","link":"http:\/\/yfolk.fr\/web\/2015\/stage-daccordeon-diatonique-avec-yann-dour\/","title":{"rendered":"Stage d&rsquo;accord\u00e9on diatonique avec Yann Dour"},"content":{"rendered":"<p><strong>Samedi 28 et dimanche 29 mars 2015 avec l&rsquo;<a href=\"http:\/\/folkatp.fr\/\">ATP<\/a> \u00e0 Saint-Martin d&rsquo;H\u00e8res<br \/>\n<\/strong><\/p>\n<p><a href=\"http:\/\/folkatp.fr\/event\/2014-2015\/img\/yann-dour-1.jpg\"><img loading=\"lazy\" class=\"img alignright\" title=\"Yann Dour\" src=\"http:\/\/folkatp.fr\/event\/2014-2015\/stage-accordeon2\/150x-yann-dour-1.jpg\" alt=\"Yann Dour\" width=\"150\" height=\"200\" \/><\/a><strong><a href=\"http:\/\/www.editions-caruhel.com\/\">Yann Dour<\/a><\/strong> est donc de retour pour un WE sur Grenoble avec ses accord\u00e9ons diatoniques. Pas des belles machines \u00e0 3 rang\u00e9es, non, de simples 2 rang\u00e9es bi-sonores. Car c&rsquo;est cela la magie de Yann Dour, tout est dans le style tir\u00e9-pouss\u00e9 plus que dans le jeu crois\u00e9. Qui n&rsquo;a jamais eu entre les mains une tablature \u00e9crite par <strong><a href=\"http:\/\/www.editions-caruhel.com\/\">Yann Dour<\/a><\/strong> ? D\u00e8s le premier coup d&rsquo;oeil, c&rsquo;est la m\u00e9thode <a href=\"http:\/\/diato.org\/expltabl.htm\">CADB<\/a> qui est utilis\u00e9 pour la transcription car elle favorise la dynamique du soufflet, donc le son, devant le jeu crois\u00e9.<\/p>\n<p>V\u00e9ritable p\u00e9dagogue ayant d\u00e9velopp\u00e9 une culture bien au del\u00e0 du cercle celtique, il met tout son art afin de mettre en valeur le morceau musical, non pas pour le morceau en lui-m\u00eame ou pour le musicien, mais pour afin de porter les danseurs. Ainsi les variantes, les ornementations, les soupirs, les liaisons sont toujours pens\u00e9s pour \u00eatre en phase avec les pas de danse. La danse est au c\u0153ur de la musique.<\/p>\n<p>En savoir plus sur le site de l&rsquo;<a href=\"http:\/\/www.folkatp.fr\/event\/2014-2015\/stage-accordeon2\/\">ATP<\/a>.<\/p>\n","protected":false},"excerpt":{"rendered":"<p>Samedi 28 et dimanche 29 mars 2015 avec l&rsquo;ATP \u00e0 Saint-Martin d&rsquo;H\u00e8res Yann Dour est donc de retour pour un WE sur Grenoble avec ses accord\u00e9ons diatoniques. Pas des belles machines \u00e0 3 rang\u00e9es, non, de simples 2 rang\u00e9es bi-sonores. Car c&rsquo;est cela la magie de Yann Dour, tout est dans le style tir\u00e9-pouss\u00e9 plus [&hellip;]<\/p>\n","protected":false},"author":2,"featured_media":0,"comment_status":"open","ping_status":"open","sticky":false,"template":"","format":"standard","meta":[],"categories":[2],"tags":[],"_links":{"self":[{"href":"http:\/\/yfolk.fr\/web\/wp-json\/wp\/v2\/posts\/292"}],"collection":[{"href":"http:\/\/yfolk.fr\/web\/wp-json\/wp\/v2\/posts"}],"about":[{"href":"http:\/\/yfolk.fr\/web\/wp-json\/wp\/v2\/types\/post"}],"author":[{"embeddable":true,"href":"http:\/\/yfolk.fr\/web\/wp-json\/wp\/v2\/users\/2"}],"replies":[{"embeddable":true,"href":"http:\/\/yfolk.fr\/web\/wp-json\/wp\/v2\/comments?post=292"}],"version-history":[{"count":4,"href":"http:\/\/yfolk.fr\/web\/wp-json\/wp\/v2\/posts\/292\/revisions"}],"predecessor-version":[{"id":299,"href":"http:\/\/yfolk.fr\/web\/wp-json\/wp\/v2\/posts\/292\/revisions\/299"}],"wp:attachment":[{"href":"http:\/\/yfolk.fr\/web\/wp-json\/wp\/v2\/media?parent=292"}],"wp:term":[{"taxonomy":"category","embeddable":true,"href":"http:\/\/yfolk.fr\/web\/wp-json\/wp\/v2\/categories?post=292"},{"taxonomy":"post_tag","embeddable":true,"href":"http:\/\/yfolk.fr\/web\/wp-json\/wp\/v2\/tags?post=292"}],"curies":[{"name":"wp","href":"https:\/\/api.w.org\/{rel}","templated":true}]}}